{"id":450,"date":"2018-12-06T00:00:25","date_gmt":"2018-12-06T00:00:25","guid":{"rendered":"http:\/\/www.cisztasfibrozis.hu\/?p=450"},"modified":"2020-04-23T09:00:00","modified_gmt":"2020-04-23T07:00:00","slug":"nagyokos_kerdoiv","status":"publish","type":"post","link":"https:\/\/www.cisztasfibrozis.hu\/index.php\/2018\/12\/06\/nagyokos_kerdoiv\/","title":{"rendered":"CF Nagyokos &#8211; k\u00e9rd\u0151\u00edv"},"content":{"rendered":"\n<div class=\"wp-block-image is-style-default\"><figure class=\"alignright size-large is-resized\"><img loading=\"lazy\" decoding=\"async\" src=\"http:\/\/www.cisztasfibrozis.hu\/wp-content\/uploads\/2018\/09\/CF-Nagyokos-300x158-1.jpg\" alt=\"CF Nagyokos\" class=\"wp-image-505\" width=\"281\" height=\"148\"\/><\/figure><\/div>\n\n\n<p>Ahogy azt m\u00e1r a kor\u00e1bbiakban jelezt\u00fck, a CF Betegek Egyes\u00fclete k\u00e9t napos, t\u00e1j\u00e9koztat\u00f3 \u00e9s ismeretterjeszt\u0151 rendezv\u00e9nyt szervez <strong><em>CF Nagyokos! \u2013 Tanuljunk egym\u00e1st\u00f3l is<\/em><\/strong> c\u00edmmel.&nbsp; A rendezv\u00e9ny <strong>2019. \u00e1prilis 12-14<\/strong> k\u00f6z\u00f6tt ker\u00fcl megrendez\u00e9sre, p\u00e9ntek esti vacsor\u00e1val v\u00e1rva a t\u00e1volabbr\u00f3l \u00e9rkez\u0151ket hogy m\u00e1snap kipihenten, k\u00f6z\u00f6sen kezdhess\u00fck a programot.<br>A helysz\u00edn G\u00e1rdony, a velencei t\u00f3 partj\u00e1n fekv\u0151 VVSI Sport Hotel lesz. A jelentkez\u00e9s lehet\u0151s\u00e9geir\u0151l illetve a r\u00e9szletes programr\u00f3l a j\u00f6v\u0151 \u00e9v els\u0151 h\u00f3napj\u00e1ban fogunk b\u0151vebb t\u00e1j\u00e9koztat\u00e1st adni. Addig azonban, hogy az \u00e9rdekl\u0151d\u0151 sz\u00fcl\u0151k, hozz\u00e1tartoz\u00f3k, \u00e9rintettek illetve minden kedves vend\u00e9g\u00fcnk sz\u00e1m\u00e1ra a lehet\u0151 legink\u00e1bb \u00e9rdekl\u0151d\u00e9sre sz\u00e1mot tart\u00f3 programot tudjunk \u00f6ssze\u00e1ll\u00edtani, a seg\u00edts\u00e9geteket szeretn\u00e9nk k\u00e9rni.<\/p>\n<p>K\u00e9r\u00fcnk mindenkit, hogy l\u00e1togasson el \u00e9s t\u00f6ltse ki az \u00e9rdekl\u0151d\u00e9st \u00e9s a t\u00e9mak\u00f6r\u00f6ket <a href=\"https:\/\/goo.gl\/forms\/may5bXsAZr9onZEK2\" target=\"_blank\" rel=\"noopener\">felm\u00e9r\u0151 k\u00e9rd\u0151\u00edv\u00fcnket<\/a>. A <a href=\"https:\/\/goo.gl\/forms\/may5bXsAZr9onZEK2\" target=\"_blank\" rel=\"noopener\">k\u00e9rd\u0151\u00edv<\/a> kit\u00f6lt\u00e9se 5 percn\u00e9l nem vesz t\u00f6bb id\u0151t ig\u00e9nybe, sz\u00e1munkra azonban hatalmas seg\u00edts\u00e9g a megfelel\u0151 program \u00f6ssze\u00e1ll\u00edt\u00e1s\u00e1hoz valamint a szakemberek a rendezv\u00e9nyen val\u00f3 r\u00e9szv\u00e9tel\u00e9nek felk\u00e9r\u00e9shez is.<\/p>\n<p>K\u00f6sz\u00f6nj\u00fck teh\u00e1t, ha sz\u00e1nsz n\u00e9h\u00e1ny percet a k\u00e9rd\u0151\u00edv kit\u00f6lt\u00e9s\u00e9re \u00e9s szeretettel l\u00e1tunk a rendezv\u00e9nyen is! Tov\u00e1bbi inform\u00e1ci\u00f3k\u00e9rt l\u00e1togasd a honlapunkat, vagy k\u00f6vesd nyomon <a href=\"https:\/\/www.facebook.com\/CisztasFibrozisMagyarorszag\/\" target=\"_blank\" rel=\"noopener\">Facebook csoportunkat<\/a>, levelez\u0151 list\u00e1nkat is<\/p>\n\n\n<p class=\"has-background has-very-light-gray-background-color\"><a href=\"http:\/\/www.cisztasfibrozis.hu\">Vissza a f\u0151oldalra<\/a><\/p>\n","protected":false},"excerpt":{"rendered":"<p>Ahogy azt m\u00e1r a kor\u00e1bbiakban jelezt\u00fck, a CF Betegek Egyes\u00fclete k\u00e9t napos, t\u00e1j\u00e9koztat\u00f3 \u00e9s ismeretterjeszt\u0151 rendezv\u00e9nyt szervez CF Nagyokos! \u2013 Tanuljunk egym\u00e1st\u00f3l is c\u00edmmel.&nbsp; A&#8230;<\/p>\n","protected":false},"author":1,"featured_media":541,"comment_status":"closed","ping_status":"open","sticky":false,"template":"","format":"standard","meta":{"footnotes":""},"categories":[2],"tags":[115,117,84,116],"class_list":["post-450","post","type-post","status-publish","format-standard","has-post-thumbnail","hentry","category-news","tag-gardony","tag-kerdoiv","tag-nagyokos","tag-rendezveny","entry","double"],"_links":{"self":[{"href":"https:\/\/www.cisztasfibrozis.hu\/index.php\/wp-json\/wp\/v2\/posts\/450","targetHints":{"allow":["GET"]}}],"collection":[{"href":"https:\/\/www.cisztasfibrozis.hu\/index.php\/wp-json\/wp\/v2\/posts"}],"about":[{"href":"https:\/\/www.cisztasfibrozis.hu\/index.php\/wp-json\/wp\/v2\/types\/post"}],"author":[{"embeddable":true,"href":"https:\/\/www.cisztasfibrozis.hu\/index.php\/wp-json\/wp\/v2\/users\/1"}],"replies":[{"embeddable":true,"href":"https:\/\/www.cisztasfibrozis.hu\/index.php\/wp-json\/wp\/v2\/comments?post=450"}],"version-history":[{"count":4,"href":"https:\/\/www.cisztasfibrozis.hu\/index.php\/wp-json\/wp\/v2\/posts\/450\/revisions"}],"predecessor-version":[{"id":2064,"href":"https:\/\/www.cisztasfibrozis.hu\/index.php\/wp-json\/wp\/v2\/posts\/450\/revisions\/2064"}],"wp:featuredmedia":[{"embeddable":true,"href":"https:\/\/www.cisztasfibrozis.hu\/index.php\/wp-json\/wp\/v2\/media\/541"}],"wp:attachment":[{"href":"https:\/\/www.cisztasfibrozis.hu\/index.php\/wp-json\/wp\/v2\/media?parent=450"}],"wp:term":[{"taxonomy":"category","embeddable":true,"href":"https:\/\/www.cisztasfibrozis.hu\/index.php\/wp-json\/wp\/v2\/categories?post=450"},{"taxonomy":"post_tag","embeddable":true,"href":"https:\/\/www.cisztasfibrozis.hu\/index.php\/wp-json\/wp\/v2\/tags?post=450"}],"curies":[{"name":"wp","href":"https:\/\/api.w.org\/{rel}","templated":true}]}}