{"id":411,"date":"2018-08-06T22:52:27","date_gmt":"2018-08-06T22:52:27","guid":{"rendered":"http:\/\/www.cisztasfibrozis.hu\/?p=411"},"modified":"2020-04-22T09:14:44","modified_gmt":"2020-04-22T07:14:44","slug":"cf-hetvege-2018-fonyodligeti-beszamolo","status":"publish","type":"post","link":"https:\/\/www.cisztasfibrozis.hu\/index.php\/2018\/08\/06\/cf-hetvege-2018-fonyodligeti-beszamolo\/","title":{"rendered":"CF H\u00e9tv\u00e9ge 2018 &#8211; Fony\u00f3dligeti besz\u00e1mol\u00f3"},"content":{"rendered":"\n<h2 class=\"wp-block-heading\">V\u00e9get \u00e9rt a 2018-as \u00e9v balatoni <strong>CF H\u00e9tv\u00e9g\u00e9je<\/strong>, amely imm\u00e1r hagyom\u00e1nyosan visszat\u00e9r\u0151, k\u00f6zponti k\u00f6z\u00f6ss\u00e9g\u00e9p\u00edt\u0151 esem\u00e9ny\u00fcnk is egyben. Engedj\u00e9tek meg, hogy n\u00e9h\u00e1ny mondatban illetve k\u00e9ppel \u00f6sszefoglaljuk az esem\u00e9nyen t\u00f6rt\u00e9nteket.<\/h2>\n\n\n\n<p> Az idei \u201et\u00e1bor\u201d a meghirdetettnek megfelel\u0151en Fony\u00f3dligeten ker\u00fclt megrendez\u00e9sre a <a href=\"http:\/\/hoteldam.hu\/\" target=\"_blank\" rel=\"noopener\">DAM Hotelben<\/a>, amely egy remek hangulat\u00fa, eur\u00f3pai sz\u00ednvonal\u00fa szolg\u00e1ltat\u00e1sokat ny\u00fajt\u00f3 \u00e9s nem utols\u00f3 sorban csod\u00e1latos saj\u00e1t partszakasszal rendelkez\u0151 int\u00e9zm\u00e9ny, amely az el\u0151bb felsoroltak mellett m\u00e9g a k\u00fcl\u00f6nb\u00f6z\u0151 fogyat\u00e9kkal \u00e9l\u0151 szem\u00e9lyek ell\u00e1t\u00e1s\u00e1ra is fel van k\u00e9sz\u00edtve. \u00cdgy teh\u00e1t, a helysz\u00edn v\u00e1laszt\u00e1sunk a tavalyi \u00e9vvel ellent\u00e9tben szerencs\u00e9re kiv\u00e1l\u00f3nak volt mondhat\u00f3.<\/p>\n\n\n\n<div class=\"wp-block-image is-style-default\"><figure class=\"alignright size-large is-resized\"><img loading=\"lazy\" decoding=\"async\" src=\"http:\/\/www.cisztasfibrozis.hu\/wp-content\/files\/Fonyod2018\/DSC7829.jpg\" alt=\"\" width=\"365\" height=\"242\"><\/figure><\/div>\n\n\n\n<p>A CF Betegek Egyes\u00fclete 2011 \u00f3ta rendezi a t\u00e1boroz\u00e1si lehet\u0151s\u00e9get a betegek \u00e9s hozz\u00e1tartoz\u00f3ik valamint a CF ell\u00e1t\u00e1sban r\u00e9sztvev\u0151 szakemberek sz\u00e1m\u00e1ra. Az eredetileg 2 naposra tervezett rendezv\u00e9nyt az \u00e9vek m\u00falt\u00e1val a n\u00f6vekv\u0151 \u00e9rdekl\u0151d\u00e9s miatt 4 naposra ny\u00fajtottuk, innen a rendezv\u00e9ny \u201ehossz\u00fa h\u00e9tv\u00e9ge\u201d elnevez\u00e9se. A 2018-as \u00e9vben a r\u00e9sztvev\u0151k sz\u00e1ma minden eddig v\u00e1rakoz\u00e1st fel\u00fcl m\u00falt, hiszen <strong>id\u00e9n \u00f6sszess\u00e9g\u00e9ben 52 f\u0151 vett r\u00e9szt a h\u00e9tv\u00e9g\u00e9nken<\/strong>. <\/p>\n\n\n\n<p>T\u00f6bbs\u00e9g\u00fck a teljes id\u0151szakban vel\u00fcnk volt, n\u00e9h\u00e1nyuk pedig az id\u0151beoszt\u00e1suknak megfelel\u0151 v\u00e1lt\u00e1sban. Ebben a l\u00e9tsz\u00e1mban m\u00e9g nincsenek benne az ott t\u00f6lt\u00f6tt id\u0151nk sor\u00e1n minket megl\u00e1togat\u00f3 vend\u00e9gek sz\u00e1ma, \u00edgy teh\u00e1t \u00f6sszess\u00e9g\u00e9ben elmondhat\u00f3 hogy ezen a ny\u00e1ron mintegy 60 f\u0151t tudtunk ilyen vagy olyan form\u00e1ban egym\u00e1ssal k\u00f6z\u00f6s nevez\u0151re hozni valamint hozz\u00e1j\u00e1rulni kapcsolataik \u00e9s ismerets\u00e9geik ki\u00e9p\u00edt\u00e9s\u00e9hez. Szem\u00e9ly szerint azt gondolom, hogy a legfontosabb hozz\u00e1adott \u00e9rt\u00e9k\u00e9t a rendezv\u00e9ny\u00fcnknek ez a gondolat adja, illetve ez az, ami az Egyes\u00fcletet, a betegeket \u00e9s hozz\u00e1tartoz\u00f3kat valamint az ell\u00e1t\u00e1sunkban kulcsszerepet bet\u00f6lt\u0151 szakembereket \u00f6sszekapcsolja, a k\u00f6z\u00f6tt\u00fck kialakul\u00f3 val\u00f3di bizalmon \u00e9p\u00fcl\u0151 kapcsolatot \u00e9p\u00edti \u00e9s biztos\u00edtja.<\/p>\n\n\n\n<p>K\u00fcl\u00f6n \u00f6r\u00f6m, hogy a vel\u00fcnk tart\u00f3 betegek k\u00f6z\u00f6tt <strong>a legfiatalabb 3 h\u00f3napos \u2013 alig t\u00f6bb mint 2 hetes diagn\u00f3zissal -, a legid\u0151sebb pedig 45 \u00e9ves volt,<\/strong> \u00edgy teh\u00e1t az \u00e9letkori spektrum egy hatalmas szelet\u00e9t lefedt\u00fck. R\u00e9sztvev\u0151ink \u00e9s vend\u00e9geink k\u00f6z\u00f6tt az \u00e9rdekl\u0151d\u0151k ki tudt\u00e1k k\u00e9rni orvos, dietetikus, gy\u00f3gytorn\u00e1sz, pszichol\u00f3gus, n\u0151v\u00e9r, gy\u00f3gypedag\u00f3gus \u00e9s szoci\u00e1lis munk\u00e1s szakember tan\u00e1cs\u00e1t, v\u00e9lem\u00e9ny\u00e9t is. Mindezen szakemberek mellett term\u00e9szetesen a sz\u00fcl\u0151knek alkalmuk ny\u00edlt egym\u00e1ssal \u00e9s a betegekkel is k\u00f6tetlen\u00fcl eszm\u00e9t cser\u00e9lni, ami a maga nem\u00e9ben szint\u00e9n nagyon fontos. Az ilyen form\u00e1lis besz\u00e9lget\u00e9sekre napk\u00f6zben spont\u00e1n, este pedig szervezettebb k\u00f6rben, kerekasztaln\u00e1l ker\u00fclt sor.<br>\nMindezek mellett term\u00e9szetesen nem feledkezt\u00fcnk meg a Balaton k\u00f6zels\u00e9g\u00e9r\u0151l sem. Mivel a CF-ben nagyon fontos a mozg\u00e1s \u00edgy v\u00edzben, v\u00edz mellett erre sok t\u00e1rsunk tal\u00e1lt m\u00f3dot \u00e9s lehet\u0151s\u00e9get, ugyan\u00edgy a strandon el\u00e9rhet\u0151 kulin\u00e1ris \u00e9lvezeteknek val\u00f3 h\u00f3dol\u00e1s sem maradhatott ki. A sz\u00e1lloda biztos\u00edtotta wellness lehet\u0151s\u00e9ggel is n\u00e9h\u00e1nyan \u00e9ltek, amikor az id\u0151 rosszabbra fordult vagy a t\u00f3 vize m\u00e9g nem bizonyult kiel\u00e9g\u00edt\u0151nek.<\/p>\n\n\n\n<p>\u00d6sszess\u00e9g\u00e9ben elmondhat\u00f3 teh\u00e1t, hogy egy nagyon tartalmas m\u00e9gis j\u00f3 sz\u00f3rakoz\u00e1si lehet\u0151s\u00e9geket is ny\u00fajt\u00f3 k\u00f6z\u00f6ss\u00e9gi programon vagyunk t\u00fal. A sz\u00e1raz t\u00e9nyek le\u00edr\u00e1sa mellett tal\u00e1n z\u00e1r\u00f3 gondolatk\u00e9nt hadd emeljem ki egyik t\u00e1rsunk p\u00e1rj\u00e1nak gondolatait, amelyet a vel\u00fcnk t\u00f6lt\u00f6tt h\u00e9tv\u00e9g\u00e9vel kapcsolatban fogalmazott meg hazat\u00e9r\u00e9s\u00fcnk ut\u00e1n facebookon.<\/p>\n\n\n\n<h2 class=\"has-text-align-center wp-block-heading\">\u201e<strong><em>Mi is k\u00f6sz\u00f6n\u00fcnk sz\u00e9pen mindent! Legink\u00e1bb azt, hogy egy ilyen szeretetteljes k\u00f6zegben t\u00f6lthett\u00fcnk el n\u00e9h\u00e1ny napot! Tov\u00e1bbi sz\u00e9p nyarat mindenkinek!<\/em>\u201d<\/strong><\/h2>\n\n\n\n<p>Szem\u00e9ly szerint h\u00e1l\u00e1s vagyok neki, hogy \u00edgy \u00f6sszefoglalta azt a sok sz\u00e1raz t\u00e9ny, amelyet \u00e9n a fentebb le\u00edrtakban felsoroltam, valamint szeretn\u00e9m megk\u00f6sz\u00f6nni a r\u00e9sztvev\u0151k minden ir\u00e1ny\u00fa seg\u00edts\u00e9g\u00e9t, amellyel az esem\u00e9ny lebonyol\u00edt\u00e1s\u00e1ban seg\u00e9dkeztek.<\/p>\n\n\n\n<p>Fogadj\u00e1tok szeretettel a h\u00e9tv\u00e9g\u00e9n k\u00e9sz\u00fclt f\u00e9nyk\u00e9peinket!<\/p>\n\n\n\n<figure class=\"wp-block-embed-wordpress wp-block-embed is-type-wp-embed is-provider-cisztas-fibrozis-betegek-egyesulete\"><div class=\"wp-block-embed__wrapper\">\n<blockquote class=\"wp-embedded-content\" data-secret=\"cEW8fCFv3b\"><a href=\"https:\/\/www.cisztasfibrozis.hu\/index.php\/cf-hetvege-2018-fonyodliget\/\">CF H\u00e9tv\u00e9ge 2018 &#8211; Fony\u00f3dliget<\/a><\/blockquote><iframe loading=\"lazy\" class=\"wp-embedded-content\" sandbox=\"allow-scripts\" security=\"restricted\" style=\"position: absolute; clip: rect(1px, 1px, 1px, 1px);\" title=\"&#8220;CF H\u00e9tv\u00e9ge 2018 &#8211; Fony\u00f3dliget&#8221; &#8212; Ciszt\u00e1s Fibr\u00f3zis Betegek Egyes\u00fclete\" src=\"https:\/\/www.cisztasfibrozis.hu\/index.php\/cf-hetvege-2018-fonyodliget\/embed\/#?secret=dRRRkKRQHo#?secret=cEW8fCFv3b\" data-secret=\"cEW8fCFv3b\" width=\"500\" height=\"282\" frameborder=\"0\" marginwidth=\"0\" marginheight=\"0\" scrolling=\"no\"><\/iframe>\n<\/div><figcaption><strong>Fot\u00f3album<\/strong><\/figcaption><\/figure>\n\n\n\n<p class=\"has-background has-very-light-gray-background-color\"><a href=\"http:\/\/www.cisztasfibrozis.hu\">Vissza a f\u0151oldalra<\/a><\/p>\n","protected":false},"excerpt":{"rendered":"<p>V\u00e9get \u00e9rt a 2018-as \u00e9v balatoni CF H\u00e9tv\u00e9g\u00e9je, amely imm\u00e1r hagyom\u00e1nyosan visszat\u00e9r\u0151, k\u00f6zponti k\u00f6z\u00f6ss\u00e9g\u00e9p\u00edt\u0151 esem\u00e9ny\u00fcnk is egyben. Engedj\u00e9tek meg, hogy n\u00e9h\u00e1ny mondatban illetve k\u00e9ppel \u00f6sszefoglaljuk&#8230;<\/p>\n","protected":false},"author":1,"featured_media":685,"comment_status":"closed","ping_status":"open","sticky":false,"template":"","format":"standard","meta":{"footnotes":""},"categories":[4,5],"tags":[120,97,119],"class_list":["post-411","post","type-post","status-publish","format-standard","has-post-thumbnail","hentry","category-esemenyek","category-cikkek","tag-cf-hetvege","tag-fonyodliget","tag-nyaralas","entry","double"],"_links":{"self":[{"href":"https:\/\/www.cisztasfibrozis.hu\/index.php\/wp-json\/wp\/v2\/posts\/411","targetHints":{"allow":["GET"]}}],"collection":[{"href":"https:\/\/www.cisztasfibrozis.hu\/index.php\/wp-json\/wp\/v2\/posts"}],"about":[{"href":"https:\/\/www.cisztasfibrozis.hu\/index.php\/wp-json\/wp\/v2\/types\/post"}],"author":[{"embeddable":true,"href":"https:\/\/www.cisztasfibrozis.hu\/index.php\/wp-json\/wp\/v2\/users\/1"}],"replies":[{"embeddable":true,"href":"https:\/\/www.cisztasfibrozis.hu\/index.php\/wp-json\/wp\/v2\/comments?post=411"}],"version-history":[{"count":7,"href":"https:\/\/www.cisztasfibrozis.hu\/index.php\/wp-json\/wp\/v2\/posts\/411\/revisions"}],"predecessor-version":[{"id":1969,"href":"https:\/\/www.cisztasfibrozis.hu\/index.php\/wp-json\/wp\/v2\/posts\/411\/revisions\/1969"}],"wp:featuredmedia":[{"embeddable":true,"href":"https:\/\/www.cisztasfibrozis.hu\/index.php\/wp-json\/wp\/v2\/media\/685"}],"wp:attachment":[{"href":"https:\/\/www.cisztasfibrozis.hu\/index.php\/wp-json\/wp\/v2\/media?parent=411"}],"wp:term":[{"taxonomy":"category","embeddable":true,"href":"https:\/\/www.cisztasfibrozis.hu\/index.php\/wp-json\/wp\/v2\/categories?post=411"},{"taxonomy":"post_tag","embeddable":true,"href":"https:\/\/www.cisztasfibrozis.hu\/index.php\/wp-json\/wp\/v2\/tags?post=411"}],"curies":[{"name":"wp","href":"https:\/\/api.w.org\/{rel}","templated":true}]}}