{"id":404,"date":"2018-07-19T23:00:07","date_gmt":"2018-07-19T23:00:07","guid":{"rendered":"http:\/\/www.cisztasfibrozis.hu\/?p=404"},"modified":"2020-04-23T10:41:23","modified_gmt":"2020-04-23T08:41:23","slug":"v4cf_2018","status":"publish","type":"post","link":"https:\/\/www.cisztasfibrozis.hu\/index.php\/2018\/07\/19\/v4cf_2018\/","title":{"rendered":"V4CF 2018 kongresszusi kiadv\u00e1ny"},"content":{"rendered":"\n<div class=\"wp-block-image is-style-default\"><figure class=\"alignleft is-resized\"><img loading=\"lazy\" decoding=\"async\" src=\"http:\/\/v4cf.eu\/wp-content\/uploads\/2017\/05\/ulotka-936x1024.jpg\" alt=\"Zapraszamy\" width=\"195\" height=\"212\"\/><\/figure><\/div>\n\n\n\n<h3 class=\"wp-block-heading\">Az al\u00e1bbi linken el\u00e9rhet\u0151v\u00e9 tett\u00fck a 2017 november\u00e9ben, Krakk\u00f3ban tartott <a rel=\"noreferrer noopener\" href=\"http:\/\/v4cf.eu\/en\/\" target=\"_blank\" class=\"rank-math-link\">V4CF<\/a> kongresszusr\u00f3l k\u00e9sz\u00fclt kiadv\u00e1nyt, amelyben olvashattok a <a rel=\"noreferrer noopener\" href=\"https:\/\/hu.wikipedia.org\/wiki\/Visegr%C3%A1di_Egy%C3%BCttm%C5%B1k%C3%B6d%C3%A9s\" target=\"_blank\">V4<\/a> orsz\u00e1gokban tapasztalhat\u00f3kr\u00f3l a CF ell\u00e1t\u00e1s tekintet\u00e9ben.<\/h3>\n\n\n\n<p>A dokumentum el\u00e9rhet\u0151 innen, megtekint\u00e9s\u00e9hez PDF olvas\u00f3 sz\u00fcks\u00e9ges:<\/p>\n\n\n\n<p><a href=\"http:\/\/www.cisztasfibrozis.hu\/wp-content\/uploads\/2018\/07\/V4_CF_Krakkow.pdf\">V4_CF_Krakkow<\/a><\/p>\n\n\n\n<div class=\"wp-block-image is-style-default\"><figure class=\"aligncenter is-resized\"><a href=\"http:\/\/v4cf.eu\/wp-content\/uploads\/2017\/11\/MG_1344-1.jpg\" target=\"_blank\" rel=\"noopener\"><img loading=\"lazy\" decoding=\"async\" src=\"http:\/\/v4cf.eu\/wp-content\/uploads\/2017\/11\/MG_1344-1.jpg\" alt=\"Dr. Hal\u00e1sz Adrien el\u0151ad\u00e1sa V4cf\" width=\"516\" height=\"344\"\/><\/a><figcaption>Dr. Hal\u00e1sz Adrien el\u0151ad\u00e1sa<\/figcaption><\/figure><\/div>\n\n\n\n<figure class=\"wp-block-embed-wordpress aligncenter wp-block-embed is-type-wp-embed is-provider-konferencja-v-4-cf-2017\"><div class=\"wp-block-embed__wrapper\">\n<blockquote class=\"wp-embedded-content\" data-secret=\"a8phesnWqT\"><a href=\"https:\/\/v4cf.eu\/en\/gallery-2017\/\" target=\"_blank\" rel=\"noopener\">Gallery 2017<\/a><\/blockquote><iframe loading=\"lazy\" class=\"wp-embedded-content\" sandbox=\"allow-scripts\" security=\"restricted\" style=\"position: absolute; clip: rect(1px, 1px, 1px, 1px);\" title=\"&#8222;Gallery 2017&#8221; &#8212; \" src=\"https:\/\/v4cf.eu\/en\/gallery-2017\/embed\/#?secret=a8phesnWqT\" data-secret=\"a8phesnWqT\" width=\"500\" height=\"282\" frameborder=\"0\" marginwidth=\"0\" marginheight=\"0\" scrolling=\"no\"><\/iframe>\n<\/div><figcaption>Az esem\u00e9ny f\u00e9nyk\u00e9pgal\u00e9ri\u00e1ja<\/figcaption><\/figure>\n\n\n\n<p class=\"has-background has-very-light-gray-background-color\"><a href=\"http:\/\/www.cisztasfibrozis.hu\">Vissza a f\u0151oldalra<\/a><\/p>\n","protected":false},"excerpt":{"rendered":"<p>Az al\u00e1bbi linken el\u00e9rhet\u0151v\u00e9 tett\u00fck a 2017 november\u00e9ben, Krakk\u00f3ban tartott V4CF kongresszusr\u00f3l k\u00e9sz\u00fclt kiadv\u00e1nyt, amelyben olvashattok a V4 orsz\u00e1gokban tapasztalhat\u00f3kr\u00f3l a CF ell\u00e1t\u00e1s tekintet\u00e9ben. A&#8230;<\/p>\n","protected":false},"author":1,"featured_media":0,"comment_status":"closed","ping_status":"closed","sticky":false,"template":"","format":"standard","meta":{"footnotes":""},"categories":[5],"tags":[124,116,123],"class_list":["post-404","post","type-post","status-publish","format-standard","hentry","category-cikkek","tag-krakko","tag-rendezveny","tag-v4cf","entry","double"],"_links":{"self":[{"href":"https:\/\/www.cisztasfibrozis.hu\/index.php\/wp-json\/wp\/v2\/posts\/404","targetHints":{"allow":["GET"]}}],"collection":[{"href":"https:\/\/www.cisztasfibrozis.hu\/index.php\/wp-json\/wp\/v2\/posts"}],"about":[{"href":"https:\/\/www.cisztasfibrozis.hu\/index.php\/wp-json\/wp\/v2\/types\/post"}],"author":[{"embeddable":true,"href":"https:\/\/www.cisztasfibrozis.hu\/index.php\/wp-json\/wp\/v2\/users\/1"}],"replies":[{"embeddable":true,"href":"https:\/\/www.cisztasfibrozis.hu\/index.php\/wp-json\/wp\/v2\/comments?post=404"}],"version-history":[{"count":7,"href":"https:\/\/www.cisztasfibrozis.hu\/index.php\/wp-json\/wp\/v2\/posts\/404\/revisions"}],"predecessor-version":[{"id":2073,"href":"https:\/\/www.cisztasfibrozis.hu\/index.php\/wp-json\/wp\/v2\/posts\/404\/revisions\/2073"}],"wp:attachment":[{"href":"https:\/\/www.cisztasfibrozis.hu\/index.php\/wp-json\/wp\/v2\/media?parent=404"}],"wp:term":[{"taxonomy":"category","embeddable":true,"href":"https:\/\/www.cisztasfibrozis.hu\/index.php\/wp-json\/wp\/v2\/categories?post=404"},{"taxonomy":"post_tag","embeddable":true,"href":"https:\/\/www.cisztasfibrozis.hu\/index.php\/wp-json\/wp\/v2\/tags?post=404"}],"curies":[{"name":"wp","href":"https:\/\/api.w.org\/{rel}","templated":true}]}}