{"id":2897,"date":"2024-10-27T21:55:04","date_gmt":"2024-10-27T20:55:04","guid":{"rendered":"https:\/\/www.cisztasfibrozis.hu\/?p=2897"},"modified":"2024-10-27T21:57:08","modified_gmt":"2024-10-27T20:57:08","slug":"tajekoztato-a-kreon-enzimkeszitmeny-hazai-elerhetosegevel-kapcsolatban","status":"publish","type":"post","link":"https:\/\/www.cisztasfibrozis.hu\/index.php\/2024\/10\/27\/tajekoztato-a-kreon-enzimkeszitmeny-hazai-elerhetosegevel-kapcsolatban\/","title":{"rendered":"T\u00e1j\u00e9koztat\u00f3 a Kreon enzimk\u00e9sz\u00edtm\u00e9ny hazai el\u00e9rhet\u0151s\u00e9g\u00e9vel kapcsolatban"},"content":{"rendered":"\n<p><strong>2024. okt\u00f3ber 18-\u00e1n P\u00e1rizsban<\/strong>, a <a href=\"https:\/\/www.cf-europe.eu\/\" target=\"_blank\" rel=\"noopener\">CF Europe<\/a>, a ciszt\u00e1s fibr\u00f3zis eur\u00f3pai betegszervezeteit t\u00f6m\u00f6r\u00edt\u0151 erny\u0151szervezet munkamegbesz\u00e9l\u00e9st tartott a ciszt\u00e1s fibr\u00f3zisban haszn\u00e1lt fontos enzim k\u00e9sz\u00edtm\u00e9ny forgalmaz\u00f3j\u00e1val az Eur\u00f3p\u00e1ban &#8211; \u00edgy Magyarororsz\u00e1gon is &#8211; tapasztalhat\u00f3 ell\u00e1t\u00e1si neh\u00e9zs\u00e9gek kapcs\u00e1n.<\/p>\n\n\n\n<p>A <a href=\"https:\/\/www.viatris.hu\/\" target=\"_blank\" rel=\"noopener\">Viatris<\/a> k\u00e9pvisel\u0151i elmondt\u00e1k, hogy a <a href=\"https:\/\/www.hazipatika.com\/gyogyszerkereso\/termek\/kreon_25_000_egyseg_gyomornedv_ellenallo_kemeny_kapszula\/2285\" target=\"_blank\" rel=\"noopener\">Kreon k\u00e9sz\u00edtm\u00e9nyt<\/a> kontinens\u00fcnk\u00f6n kiz\u00e1r\u00f3lag N\u00e9metorsz\u00e1gban gy\u00e1rtj\u00e1k, ennek oka az el\u0151\u00e1ll\u00edt\u00e1s rendk\u00edv\u00fcl speci\u00e1lis technol\u00f3giai ig\u00e9nye, amely csak itt el\u00e9rhet\u0151 jelenleg. A gy\u00e1rt\u00e1ssal kapcsolatban a m\u00faltban fell\u00e9p\u0151 termel\u00e9si kapacit\u00e1s probl\u00e9m\u00e1k ugyan megold\u00f3d\u00f3dni l\u00e1tszanak, azonban a gy\u00f3gyszer el\u00e9rhet\u0151s\u00e9g\u00e9ben tov\u00e1bbra is tapasztalhat\u00f3ak maradnak a hozz\u00e1jut\u00e1ssal kapcsolatban v\u00e1ratlan neh\u00e9zs\u00e9gek, valamint a gy\u00f3gyszer ir\u00e1nti ig\u00e9ny is folyamatosan n\u00f6vekszik. Ez\u00e9rt felh\u00edvt\u00e1k a figyelmet, hogy b\u00e1r dolgoznak a megold\u00e1son, a helyzet tart\u00f3s megold\u00e1s\u00e1ra 2025 sor\u00e1n ker\u00fclhet csak sor.<\/p>\n\n\n<div class=\"wp-block-image\">\n<figure class=\"alignleft size-full\"><a href=\"https:\/\/docs.google.com\/spreadsheets\/d\/1RnjhEl8rnQsvG3gTeJHawulnDq4OW9jt8NjwJouEBOQ\/edit?usp=sharing\" target=\"_blank\" rel=\"noopener\"><img loading=\"lazy\" decoding=\"async\" width=\"450\" height=\"250\" src=\"https:\/\/www.cisztasfibrozis.hu\/wp-content\/uploads\/2024\/10\/DSC04576-450x250-c-default.jpg\" alt=\"\" class=\"wp-image-2900\" srcset=\"https:\/\/www.cisztasfibrozis.hu\/wp-content\/uploads\/2024\/10\/DSC04576-450x250-c-default.jpg 450w, https:\/\/www.cisztasfibrozis.hu\/wp-content\/uploads\/2024\/10\/DSC04576-450x250-c-default-300x167.jpg 300w\" sizes=\"auto, (max-width: 450px) 100vw, 450px\" \/><\/a><\/figure><\/div>\n\n\n<p>Ennek a bizonytalan \u00e1llapotnak a tart\u00f3s megold\u00e1s\u00e1ra t\u00f6bb \u00edg\u00e9ret is sz\u00fcletett:<\/p>\n\n\n\n<p>&#8211; gy\u00e1rt\u00e1si kapacit\u00e1s v\u00e1rhat\u00f3 n\u00f6vel\u00e9se<br>&#8211; az eur\u00f3pai betegszervezetekkel kialak\u00edtott szorosabb kommunik\u00e1ci\u00f3s kapcsolat<\/p>\n\n\n\n<p>Felh\u00edvjuk teh\u00e1t a betegt\u00e1rsaink figyelm\u00e9t, hogy figyelj\u00e9k honlapunkat a j\u00f6v\u0151ben is, mert ha \u00faj inform\u00e1ci\u00f3k birtok\u00e1ba jutunk a Kreon el\u00e9rhet\u0151s\u00e9g\u00e9vel kapcsolatban azt term\u00e9szetesen meg fogjuk osztani. <\/p>\n\n\n\n<p><strong>L\u00e9trehoztunk tov\u00e1bb\u00e1 egy k\u00f6z\u00f6s haszn\u00e1lat\u00fa t\u00e1bl\u00e1zatot is, amelyben szerent\u00e9nk felk\u00e9rni a betegt\u00e1rsainkat hogy amennyiben ell\u00e1t\u00e1si neh\u00e9zs\u00e9get vagy \u00e9ppen ellenkez\u0151leg, el\u00e9rhet\u0151 k\u00e9szletet tapasztaltanak amelyet m\u00e1s betegt\u00e1rsainkkal is megosztan\u00e1nak, \u00fagy az al\u00e1bbi linken azt a jegyezz\u00e9k be a <a href=\"https:\/\/docs.google.com\/spreadsheets\/d\/1RnjhEl8rnQsvG3gTeJHawulnDq4OW9jt8NjwJouEBOQ\/edit?usp=sharing\" target=\"_blank\" rel=\"noopener\">t\u00e1bl\u00e1zatba:<\/a><\/strong><\/p>\n\n\n\n<p>B\u00edzunk benne, hogy a k\u00f6z\u00f6ss\u00e9g seg\u00edts\u00e9g\u00e9vel minden betegt\u00e1rsunk gy\u00f3gyszerhez jut\u00e1s\u00e1t ezzel a megold\u00e1ssal meg tudjuk valamelyest k\u00f6nny\u00edteni!<\/p>\n\n\n\n<p>CFBE<\/p>\n","protected":false},"excerpt":{"rendered":"<p>2024. okt\u00f3ber 18-\u00e1n P\u00e1rizsban, a CF Europe, a ciszt\u00e1s fibr\u00f3zis eur\u00f3pai betegszervezeteit t\u00f6m\u00f6r\u00edt\u0151 erny\u0151szervezet munkamegbesz\u00e9l\u00e9st tartott a ciszt\u00e1s fibr\u00f3zisban haszn\u00e1lt fontos enzim k\u00e9sz\u00edtm\u00e9ny forgalmaz\u00f3j\u00e1val az&#8230;<\/p>\n","protected":false},"author":1,"featured_media":2902,"comment_status":"closed","ping_status":"closed","sticky":false,"template":"","format":"standard","meta":{"footnotes":""},"categories":[5,2],"tags":[],"class_list":["post-2897","post","type-post","status-publish","format-standard","has-post-thumbnail","hentry","category-cikkek","category-news","entry","double"],"_links":{"self":[{"href":"https:\/\/www.cisztasfibrozis.hu\/index.php\/wp-json\/wp\/v2\/posts\/2897","targetHints":{"allow":["GET"]}}],"collection":[{"href":"https:\/\/www.cisztasfibrozis.hu\/index.php\/wp-json\/wp\/v2\/posts"}],"about":[{"href":"https:\/\/www.cisztasfibrozis.hu\/index.php\/wp-json\/wp\/v2\/types\/post"}],"author":[{"embeddable":true,"href":"https:\/\/www.cisztasfibrozis.hu\/index.php\/wp-json\/wp\/v2\/users\/1"}],"replies":[{"embeddable":true,"href":"https:\/\/www.cisztasfibrozis.hu\/index.php\/wp-json\/wp\/v2\/comments?post=2897"}],"version-history":[{"count":2,"href":"https:\/\/www.cisztasfibrozis.hu\/index.php\/wp-json\/wp\/v2\/posts\/2897\/revisions"}],"predecessor-version":[{"id":2903,"href":"https:\/\/www.cisztasfibrozis.hu\/index.php\/wp-json\/wp\/v2\/posts\/2897\/revisions\/2903"}],"wp:featuredmedia":[{"embeddable":true,"href":"https:\/\/www.cisztasfibrozis.hu\/index.php\/wp-json\/wp\/v2\/media\/2902"}],"wp:attachment":[{"href":"https:\/\/www.cisztasfibrozis.hu\/index.php\/wp-json\/wp\/v2\/media?parent=2897"}],"wp:term":[{"taxonomy":"category","embeddable":true,"href":"https:\/\/www.cisztasfibrozis.hu\/index.php\/wp-json\/wp\/v2\/categories?post=2897"},{"taxonomy":"post_tag","embeddable":true,"href":"https:\/\/www.cisztasfibrozis.hu\/index.php\/wp-json\/wp\/v2\/tags?post=2897"}],"curies":[{"name":"wp","href":"https:\/\/api.w.org\/{rel}","templated":true}]}}