{"id":2874,"date":"2024-09-01T19:32:47","date_gmt":"2024-09-01T17:32:47","guid":{"rendered":"https:\/\/www.cisztasfibrozis.hu\/?p=2874"},"modified":"2024-09-11T21:05:58","modified_gmt":"2024-09-11T19:05:58","slug":"cf-nap-a-heim-palban-2024-szeptember-21","status":"publish","type":"post","link":"https:\/\/www.cisztasfibrozis.hu\/index.php\/2024\/09\/01\/cf-nap-a-heim-palban-2024-szeptember-21\/","title":{"rendered":"CF Nap a Heim P\u00e1lban &#8211; 2024. szeptember 21."},"content":{"rendered":"\n<p>A CF Betegek Egyes\u00fclete szeretettel megh\u00edv minden beteget illetve hozz\u00e1tartoz\u00f3ikat Egyes\u00fclet \u00e1ltal szervezett \u00e9s minden \u00e9vben megrendez\u00e9sre ker\u00fcl\u0151 CF Napra, amely <strong>2024. szeptember 21-\u00e9n, szombaton 10:00-t\u00f3l 15:00-ig<\/strong> ker\u00fcl megrendez\u00e9sre. <strong>Az idei rendezv\u00e9ny\u00fcnk f\u00f3kuszpontj\u00e1ban a sport \u00e1ll a betegek \u00e9s a szakemberek szem\u00e9vel.<\/strong><\/p>\n\n\n\n<p>A rendezv\u00e9ny c\u00e9lja, hogy lehet\u0151s\u00e9get biztos\u00edtson a ciszt\u00e1s fibr\u00f3zissal \u00e9l\u0151knek, csal\u00e1dtagjaiknak \u00e9s hozz\u00e1tartoz\u00f3iknak a tal\u00e1lkoz\u00e1sra, k\u00f6z\u00f6s besz\u00e9lget\u00e9sre, valamint hasznos inform\u00e1ci\u00f3k \u00e9s tapasztalatok megoszt\u00e1s\u00e1ra.<\/p>\n\n\n\n<p><strong>Az esem\u00e9nyen a kisgyermekek k\u00fcl\u00f6nb\u00f6z\u0151 foglalkoz\u00e1sokon vehetnek r\u00e9szt hogy ezzel is seg\u00edts\u00fck a sz\u00fcl\u0151k r\u00e9szv\u00e9tel\u00e9t a komolyabb programokon \ud83d\ude42<\/strong><\/p>\n\n\n\n<p>A rendezv\u00e9ny ingyenes, de k\u00e9rj\u00fck hogy el\u0151zetesen regisztr\u00e1ljatok az al\u00e1bbi <a href=\"https:\/\/forms.office.com\/e\/Tmq4H2mrnE\" target=\"_blank\" rel=\"noopener\">linken<\/a> vagy QR k\u00f3ddal<\/p>\n\n\n<div class=\"wp-block-image\">\n<figure class=\"aligncenter size-full is-resized\"><img loading=\"lazy\" decoding=\"async\" width=\"800\" height=\"800\" src=\"https:\/\/www.cisztasfibrozis.hu\/wp-content\/uploads\/2024\/09\/image.png\" alt=\"\" class=\"wp-image-2879\" style=\"width:139px;height:auto\" srcset=\"https:\/\/www.cisztasfibrozis.hu\/wp-content\/uploads\/2024\/09\/image.png 800w, https:\/\/www.cisztasfibrozis.hu\/wp-content\/uploads\/2024\/09\/image-300x300.png 300w, https:\/\/www.cisztasfibrozis.hu\/wp-content\/uploads\/2024\/09\/image-150x150.png 150w, https:\/\/www.cisztasfibrozis.hu\/wp-content\/uploads\/2024\/09\/image-768x768.png 768w\" sizes=\"auto, (max-width: 800px) 100vw, 800px\" \/><\/figure><\/div>\n\n\n<p><strong>Helysz\u00edn:<\/strong><\/p>\n\n\n\n<ul class=\"wp-block-list\">\n<li>J\u00f3 id\u0151 eset\u00e9n: Heim P\u00e1l Gyermekk\u00f3rh\u00e1z udvara<\/li>\n\n\n\n<li> Rossz id\u0151 eset\u00e9n: Semmelweis Egyetem Nagyv\u00e1rad t\u00e9ri Elm\u00e9leti T\u00f6mbje<\/li>\n<\/ul>\n\n\n\n<p><strong><em>Program:<\/em><\/strong><\/p>\n\n\n\n<ul class=\"wp-block-list\">\n<li>10:20 &#8211; Rendezv\u00e9ny megnyit\u00f3<br>Marsal G\u00e9za<br><\/li>\n\n\n\n<li>10:30 &#8211; Megnyit\u00f3 gondolatok<br>Prof. Dr. Szab\u00f3 L\u00e1szl\u00f3, HOGYI oktat\u00e1si igazgat\u00f3<br> <\/li>\n\n\n\n<li>10:45 &#8211; CF Ell\u00e1t\u00e1s a Heim P\u00e1l Orsz\u00e1gos Gyermekgy\u00f3gy\u00e1szati Int\u00e9zetben<br>Dr. P\u00e1rniczky Andrea<br><\/li>\n\n\n\n<li>11:00 &#8211; Sport a CF-ben 1: Tapasztalatok a kisgyermekes sz\u00fcl\u0151 szem\u00e9vel<br>Berk\u00f3 Lilla, Berk\u00f3 Lana<br><\/li>\n\n\n\n<li>11:15 &#8211; Sport a CF-ben 2: Mit jelent a sport feln\u0151tt korban?<br>Pint\u00e9r Andrea, Pint\u00e9r P\u00e9ter<br><\/li>\n\n\n\n<li>11:30 &#8211; Sport a CF-ben 3: A gy\u00f3gytorn\u00e1sz tapasztalatai <br>Petr\u00f3 Judit, OKPI gy\u00f3gytorn\u00e1sz<br><\/li>\n\n\n\n<li>11:45 &#8211; Ciszt\u00e1s Fibr\u00f3zisban ig\u00e9nybe vehet\u0151 ell\u00e1t\u00e1sok \u00e9s t\u00e1mogat\u00e1sok<br>\u00dajlaki \u00c1gota<br><\/li>\n\n\n\n<li>12:00 &#8211; Az ECFS 2024-es konferencia tapasztalatair\u00f3l<br>Dr. Hal\u00e1sz Adrien<br><\/li>\n\n\n\n<li>12:15 &#8211; A CF Betegek Egyes\u00fclet\u00e9nek bemutat\u00e1sa<br>Marsal G\u00e9za<br><\/li>\n\n\n\n<li>12:30 &#8211; Eb\u00e9d<\/li>\n<\/ul>\n\n\n\n<p><\/p>\n","protected":false},"excerpt":{"rendered":"<p>A CF Betegek Egyes\u00fclete szeretettel megh\u00edv minden beteget illetve hozz\u00e1tartoz\u00f3ikat Egyes\u00fclet \u00e1ltal szervezett \u00e9s minden \u00e9vben megrendez\u00e9sre ker\u00fcl\u0151 CF Napra, amely 2024. szeptember 21-\u00e9n, szombaton&#8230;<\/p>\n","protected":false},"author":1,"featured_media":2877,"comment_status":"closed","ping_status":"closed","sticky":false,"template":"","format":"standard","meta":{"footnotes":""},"categories":[4],"tags":[],"class_list":["post-2874","post","type-post","status-publish","format-standard","has-post-thumbnail","hentry","category-esemenyek","entry","double"],"_links":{"self":[{"href":"https:\/\/www.cisztasfibrozis.hu\/index.php\/wp-json\/wp\/v2\/posts\/2874","targetHints":{"allow":["GET"]}}],"collection":[{"href":"https:\/\/www.cisztasfibrozis.hu\/index.php\/wp-json\/wp\/v2\/posts"}],"about":[{"href":"https:\/\/www.cisztasfibrozis.hu\/index.php\/wp-json\/wp\/v2\/types\/post"}],"author":[{"embeddable":true,"href":"https:\/\/www.cisztasfibrozis.hu\/index.php\/wp-json\/wp\/v2\/users\/1"}],"replies":[{"embeddable":true,"href":"https:\/\/www.cisztasfibrozis.hu\/index.php\/wp-json\/wp\/v2\/comments?post=2874"}],"version-history":[{"count":8,"href":"https:\/\/www.cisztasfibrozis.hu\/index.php\/wp-json\/wp\/v2\/posts\/2874\/revisions"}],"predecessor-version":[{"id":2889,"href":"https:\/\/www.cisztasfibrozis.hu\/index.php\/wp-json\/wp\/v2\/posts\/2874\/revisions\/2889"}],"wp:featuredmedia":[{"embeddable":true,"href":"https:\/\/www.cisztasfibrozis.hu\/index.php\/wp-json\/wp\/v2\/media\/2877"}],"wp:attachment":[{"href":"https:\/\/www.cisztasfibrozis.hu\/index.php\/wp-json\/wp\/v2\/media?parent=2874"}],"wp:term":[{"taxonomy":"category","embeddable":true,"href":"https:\/\/www.cisztasfibrozis.hu\/index.php\/wp-json\/wp\/v2\/categories?post=2874"},{"taxonomy":"post_tag","embeddable":true,"href":"https:\/\/www.cisztasfibrozis.hu\/index.php\/wp-json\/wp\/v2\/tags?post=2874"}],"curies":[{"name":"wp","href":"https:\/\/api.w.org\/{rel}","templated":true}]}}