{"id":2552,"date":"2021-12-14T00:14:45","date_gmt":"2021-12-13T23:14:45","guid":{"rendered":"https:\/\/www.cisztasfibrozis.hu\/?p=2552"},"modified":"2021-12-14T00:16:41","modified_gmt":"2021-12-13T23:16:41","slug":"kotelezo-szures-az-ujszulotteknel","status":"publish","type":"post","link":"https:\/\/www.cisztasfibrozis.hu\/index.php\/2021\/12\/14\/kotelezo-szures-az-ujszulotteknel\/","title":{"rendered":"Janu\u00e1rt\u00f3l k\u00f6telez\u0151 a ciszt\u00e1s fibr\u00f3zis sz\u0171r\u00e9se az \u00fajsz\u00fcl\u00f6ttekn\u00e9l"},"content":{"rendered":"\n<p>Prof. Dr. K\u00e1sler Mikl\u00f3s, az emberi er\u0151forr\u00e1sok minisztere utas\u00edt\u00e1s\u00e1ra az EMMI kidolgozta a ciszt\u00e1s fibr\u00f3zis (CF) \u00fajsz\u00fcl\u00f6ttkorban t\u00f6rt\u00e9n\u0151 sz\u0171r\u00e9s\u00e9nek szakmai koncepci\u00f3j\u00e1t.<\/p>\n\n\n\n<p>A sikeres pilot programot k\u00f6vet\u0151en, melyben a miniszt\u00e9rium t\u00e1mogat\u00e1s\u00e1val kialak\u00edtott\u00e1k a labor kapacit\u00e1st \u00e9s be\u00e1ll\u00edtott\u00e1k a m\u00e9r\u00e9si m\u00f3dszert, 2022. janu\u00e1r elsej\u00e9t\u0151l m\u00e1r 27 anyagcsere betegs\u00e9gre terjed ki haz\u00e1nkban a k\u00f6telez\u0151 \u00fajsz\u00fcl\u00f6ttkori sz\u0171r\u00e9s. Ezzel \u00fajabb l\u00e9p\u00e9st tett\u00fcnk a ritka genetikai betegs\u00e9gek korai felismer\u00e9se ter\u00e9n.<\/p>\n\n\n\n<p>A k\u00f6telez\u0151 anyagcsere sz\u0171r\u0151vizsg\u00e1latot minden Magyarorsz\u00e1gon sz\u00fcletett \u00fajsz\u00fcl\u00f6tt\u00f6n elv\u00e9gzik.<\/p>\n\n\n\n<p>A <a href=\"http:\/\/www.cisztasfibrozis.hu\">ciszt\u00e1s fibr\u00f3zis<\/a> vagy m\u00e1s n\u00e9ven mucoviscidosis egy \u00f6r\u00f6kletes genetikai betegs\u00e9g, Magyarorsz\u00e1gon az egyik leggyakoribb ritka betegs\u00e9g. 4000 \u00e9lve sz\u00fclet\u00e9s eset\u00e9n v\u00e1rhat\u00f3 1 ciszt\u00e1s fibr\u00f3zisos megbeteged\u00e9s. A CF a k\u00fcls\u0151 elv\u00e1laszt\u00e1s\u00fa mirigyek k\u00f3ros v\u00e1lad\u00e9ktermel\u00e9s\u00e9vel j\u00e1r\u00f3, \u00f6r\u00f6kletes betegs\u00e9ge, mely az \u00e9rintett szervek (t\u00fcd\u0151, orr- \u00e9s mell\u00e9k\u00fcregei, hasny\u00e1lmirigy, m\u00e1j, em\u00e9szt\u0151rendszer, izzads\u00e1gmirigyek \u00e9s nemi szervek) jellegzetes m\u00e1sodlagos k\u00e1rosod\u00e1s\u00e1hoz vezet. F\u0151k\u00e9nt s\u00falyos l\u00e9g\u00fati \u00e9s em\u00e9szt\u0151szervi sz\u00f6v\u0151dm\u00e9nyeket okoz.<\/p>\n\n\n\n<p>A v\u00e9rmint\u00e1b\u00f3l m\u00e1r az els\u0151 t\u00fcnetek megjelen\u00e9se el\u0151tt fel lehet \u00e1ll\u00edtani az anyagcsere-betegs\u00e9g diagn\u00f3zis\u00e1t \u00e9s k\u00e9sedelem n\u00e9lk\u00fcl lehet megkezdeni a megfelel\u0151 kezel\u00e9st.<\/p>\n\n\n\n<p>A tudom\u00e1nyos kutat\u00e1sok egy\u00e9rtelm\u0171en igazolt\u00e1k, hogy a ciszt\u00e1s fibr\u00f3zis kezel\u00e9s ann\u00e1l hat\u00e9konyabb, min\u00e9l kor\u00e1bban kezdhet\u0151 el. Az \u00fajsz\u00fcl\u00f6ttkort\u00f3l kezelt gyermekek kisebb sz\u00e1zal\u00e9k\u00e1ban l\u00e9nyegesen enyh\u00e9bb form\u00e1ban \u00e9szlelhet\u0151k a betegs\u00e9g nyomai. A ciszt\u00e1s fibr\u00f3zis \u00fajsz\u00fcl\u00f6ttkori sz\u0171r\u00e9sek bevezet\u00e9se gy\u00f6keresen megv\u00e1ltoztathatja e ritka genetikai betegs\u00e9gben szenved\u0151k \u00e9let\u00e9t az\u00e1ltal, hogy kezel\u00e9s\u00fck m\u00e1r t\u00fcnetmentes \u00e1llapotban megkezd\u0151dhet. A korai felismer\u00e9s, a hat\u00e9kony ter\u00e1pia alkalmaz\u00e1sa a visszaford\u00edthatatlan folyamatok, sz\u00f6v\u0151dm\u00e9nyek kialakul\u00e1s\u00e1t m\u00e9rs\u00e9kelheti, el\u0151zheti meg.<\/p>\n\n\n\n<p>Az \u00fajsz\u00fcl\u00f6ttkori sz\u0171r\u00e9sek eredm\u00e9nyek\u00e9ppen \u00e9vente 22-25 CF diagnosztiz\u00e1lt csecsem\u0151 \u00e9letkil\u00e1t\u00e1sa, v\u00e1rhat\u00f3 \u00e9lethossza, \u00e9letmin\u0151s\u00e9ge javul a diagn\u00f3zis korai fel\u00e1ll\u00edt\u00e1s\u00e1val \u00e9s a szakszer\u0171 gondoz\u00e1ssal.<\/p>\n\n\n\n<p>Forr\u00e1s: <a href=\"https:\/\/kormany.hu\/hirek\/bekerult-a-kotelezo-ujszulottkori-anyagcsere-szuresek-koze-a-cf-cisztas-fibrozis-szures\" target=\"_blank\" rel=\"noopener\">kormany.hu<\/a><\/p>\n","protected":false},"excerpt":{"rendered":"<p>Prof. Dr. K\u00e1sler Mikl\u00f3s, az emberi er\u0151forr\u00e1sok minisztere utas\u00edt\u00e1s\u00e1ra az EMMI kidolgozta a ciszt\u00e1s fibr\u00f3zis (CF) \u00fajsz\u00fcl\u00f6ttkorban t\u00f6rt\u00e9n\u0151 sz\u0171r\u00e9s\u00e9nek szakmai koncepci\u00f3j\u00e1t. A sikeres pilot programot&#8230;<\/p>\n","protected":false},"author":1,"featured_media":2554,"comment_status":"closed","ping_status":"open","sticky":false,"template":"","format":"standard","meta":{"footnotes":""},"categories":[59,2],"tags":[183],"class_list":["post-2552","post","type-post","status-publish","format-standard","has-post-thumbnail","hentry","category-blog","category-news","tag-ujszulottkori-szures","entry","double"],"_links":{"self":[{"href":"https:\/\/www.cisztasfibrozis.hu\/index.php\/wp-json\/wp\/v2\/posts\/2552","targetHints":{"allow":["GET"]}}],"collection":[{"href":"https:\/\/www.cisztasfibrozis.hu\/index.php\/wp-json\/wp\/v2\/posts"}],"about":[{"href":"https:\/\/www.cisztasfibrozis.hu\/index.php\/wp-json\/wp\/v2\/types\/post"}],"author":[{"embeddable":true,"href":"https:\/\/www.cisztasfibrozis.hu\/index.php\/wp-json\/wp\/v2\/users\/1"}],"replies":[{"embeddable":true,"href":"https:\/\/www.cisztasfibrozis.hu\/index.php\/wp-json\/wp\/v2\/comments?post=2552"}],"version-history":[{"count":2,"href":"https:\/\/www.cisztasfibrozis.hu\/index.php\/wp-json\/wp\/v2\/posts\/2552\/revisions"}],"predecessor-version":[{"id":2556,"href":"https:\/\/www.cisztasfibrozis.hu\/index.php\/wp-json\/wp\/v2\/posts\/2552\/revisions\/2556"}],"wp:featuredmedia":[{"embeddable":true,"href":"https:\/\/www.cisztasfibrozis.hu\/index.php\/wp-json\/wp\/v2\/media\/2554"}],"wp:attachment":[{"href":"https:\/\/www.cisztasfibrozis.hu\/index.php\/wp-json\/wp\/v2\/media?parent=2552"}],"wp:term":[{"taxonomy":"category","embeddable":true,"href":"https:\/\/www.cisztasfibrozis.hu\/index.php\/wp-json\/wp\/v2\/categories?post=2552"},{"taxonomy":"post_tag","embeddable":true,"href":"https:\/\/www.cisztasfibrozis.hu\/index.php\/wp-json\/wp\/v2\/tags?post=2552"}],"curies":[{"name":"wp","href":"https:\/\/api.w.org\/{rel}","templated":true}]}}