{"id":2373,"date":"2021-02-18T21:21:17","date_gmt":"2021-02-18T20:21:17","guid":{"rendered":"http:\/\/www.cisztasfibrozis.hu\/?p=2373"},"modified":"2021-02-18T21:29:55","modified_gmt":"2021-02-18T20:29:55","slug":"elso-beteg-cftr-orkambi","status":"publish","type":"post","link":"https:\/\/www.cisztasfibrozis.hu\/index.php\/2021\/02\/18\/elso-beteg-cftr-orkambi\/","title":{"rendered":"Az els\u0151 magyar CF beteg, aki CFTR modul\u00e1tor ter\u00e1pi\u00e1ban r\u00e9szes\u00fclt az Orkambi \u00e1ltal"},"content":{"rendered":"\n<p><\/p>\n\n\n\n<p>Szeretn\u00e9nk bemutatni <strong>Petr\u00e1t<\/strong>, aki tegnapt\u00f3l a magyar ciszt\u00e1s fibr\u00f3zisos betegek k\u00f6z\u00fcl els\u0151k\u00e9nt r\u00e9szes\u00fclhet <a href=\"https:\/\/www.cff.org\/Life-With-CF\/Treatments-and-Therapies\/Medications\/CFTR-Modulator-Therapies\/\" class=\"rank-math-link\" target=\"_blank\" rel=\"noopener\">CFTR modul\u00e1tor ter\u00e1pi\u00e1ban<\/a> az <a href=\"https:\/\/www.ema.europa.eu\/en\/documents\/overview\/orkambi-epar-medicine-overview_hu.pdf\" class=\"rank-math-link\" target=\"_blank\" rel=\"noopener\">Orkambi<\/a> nev\u0171 gy\u00f3gyszer seg\u00edts\u00e9g\u00e9vel. Ez\u00faton szeretn\u00e9nk ism\u00e9telten megk\u00f6sz\u00f6nni minden seg\u00edts\u00e9get a k\u00fczdelm\u00fcnkh\u00f6z, amelyet az elm\u00falt \u00e9vek sor\u00e1n kaptunk, hogy ez a mai nap v\u00e9g\u00fcl val\u00f3s\u00e1gg\u00e1 lehessen.<\/p>\n\n\n\n<p>J\u00f3 eg\u00e9szs\u00e9get \u00e9s sok sikert k\u00edv\u00e1nunk Petr\u00e1nak \u00e9s sz\u00fcleinek az \u00faj ter\u00e1pia \u00e9s az \u00e1ltala ny\u00fajtott lehet\u0151s\u00e9gek felfedez\u00e9s\u00e9hez, valamint b\u00edzunk benne, hogy \u00e9rt\u00e9kes tapasztalataival sok betegt\u00e1rsunknak lehet seg\u00edts\u00e9gre a j\u00f6v\u0151ben!<br><br>A <a href=\"http:\/\/www.cisztasfibrozis.hu\" class=\"rank-math-link\">CFBE<\/a> Csapat<br><br><span class=\"has-inline-color has-vivid-red-color\">(<em>A f\u00e9nyk\u00e9p Petra \u00e9s sz\u00fcleinek beleegyez\u00e9s\u00e9vel ker\u00fclt publik\u00e1l\u00e1sra<\/em>)<\/span><\/p>\n\n\n\n<p><\/p>\n\n\n\n<p><br><\/p>\n","protected":false},"excerpt":{"rendered":"<p>Szeretn\u00e9nk bemutatni Petr\u00e1t, aki tegnapt\u00f3l a magyar ciszt\u00e1s fibr\u00f3zisos betegek k\u00f6z\u00fcl els\u0151k\u00e9nt r\u00e9szes\u00fclhet CFTR modul\u00e1tor ter\u00e1pi\u00e1ban az Orkambi nev\u0171 gy\u00f3gyszer seg\u00edts\u00e9g\u00e9vel. Ez\u00faton szeretn\u00e9nk ism\u00e9telten megk\u00f6sz\u00f6nni&#8230;<\/p>\n","protected":false},"author":1,"featured_media":2376,"comment_status":"closed","ping_status":"open","sticky":false,"template":"","format":"standard","meta":{"footnotes":""},"categories":[2],"tags":[],"class_list":["post-2373","post","type-post","status-publish","format-standard","has-post-thumbnail","hentry","category-news","entry","double"],"_links":{"self":[{"href":"https:\/\/www.cisztasfibrozis.hu\/index.php\/wp-json\/wp\/v2\/posts\/2373","targetHints":{"allow":["GET"]}}],"collection":[{"href":"https:\/\/www.cisztasfibrozis.hu\/index.php\/wp-json\/wp\/v2\/posts"}],"about":[{"href":"https:\/\/www.cisztasfibrozis.hu\/index.php\/wp-json\/wp\/v2\/types\/post"}],"author":[{"embeddable":true,"href":"https:\/\/www.cisztasfibrozis.hu\/index.php\/wp-json\/wp\/v2\/users\/1"}],"replies":[{"embeddable":true,"href":"https:\/\/www.cisztasfibrozis.hu\/index.php\/wp-json\/wp\/v2\/comments?post=2373"}],"version-history":[{"count":15,"href":"https:\/\/www.cisztasfibrozis.hu\/index.php\/wp-json\/wp\/v2\/posts\/2373\/revisions"}],"predecessor-version":[{"id":2391,"href":"https:\/\/www.cisztasfibrozis.hu\/index.php\/wp-json\/wp\/v2\/posts\/2373\/revisions\/2391"}],"wp:featuredmedia":[{"embeddable":true,"href":"https:\/\/www.cisztasfibrozis.hu\/index.php\/wp-json\/wp\/v2\/media\/2376"}],"wp:attachment":[{"href":"https:\/\/www.cisztasfibrozis.hu\/index.php\/wp-json\/wp\/v2\/media?parent=2373"}],"wp:term":[{"taxonomy":"category","embeddable":true,"href":"https:\/\/www.cisztasfibrozis.hu\/index.php\/wp-json\/wp\/v2\/categories?post=2373"},{"taxonomy":"post_tag","embeddable":true,"href":"https:\/\/www.cisztasfibrozis.hu\/index.php\/wp-json\/wp\/v2\/tags?post=2373"}],"curies":[{"name":"wp","href":"https:\/\/api.w.org\/{rel}","templated":true}]}}