{"id":1206,"date":"2020-02-12T10:27:53","date_gmt":"2020-02-12T09:27:53","guid":{"rendered":"http:\/\/www.cisztasfibrozis.hu\/?p=1206"},"modified":"2020-04-22T14:15:03","modified_gmt":"2020-04-22T12:15:03","slug":"milyen-erzes-is-a-fulladas-valojaban","status":"publish","type":"post","link":"https:\/\/www.cisztasfibrozis.hu\/index.php\/2020\/02\/12\/milyen-erzes-is-a-fulladas-valojaban\/","title":{"rendered":"Milyen \u00e9rz\u00e9s is a fullad\u00e1s val\u00f3j\u00e1ban?"},"content":{"rendered":"\n<div class=\"wp-block-image\"><figure class=\"alignright is-resized\"><img loading=\"lazy\" decoding=\"async\" src=\"https:\/\/cysticfibrosisnewstoday.com\/wp-content\/uploads\/2018\/03\/Headshot-1-300x300.jpeg\" alt=\"\" width=\"127\" height=\"127\"><figcaption><br><\/figcaption><\/figure><\/div>\n\n\n\n<h2 class=\"wp-block-heading\">A fullad\u00e1st le\u00edrni nem egyszer\u0171 kih\u00edv\u00e1s. Beletartozik a f\u00e1radts\u00e1g, de ann\u00e1l sokkal t\u00f6bb.<br><\/h2>\n\n\n\n<p>A fullad\u00e1s a kr\u00f3nikus betegs\u00e9gem legfenyeget\u0151bb mell\u00e9khat\u00e1sa. B\u00e1rmikor be\u00fcthet, ak\u00e1r egy tonna t\u00e9gla. A legrosszabb, hogy mindent felem\u00e9szt.<br><\/p>\n\n\n\n<p>Amikor fulladok, egy teljes \u00e1taludt \u00e9jszaka ut\u00e1n is f\u00e1radtan \u00e9bredek. Megiszok k\u00e9t b\u00f6gre k\u00e1v\u00e9t, \u00e9s f\u00e9lig m\u00e9g mindig alszom. A reggeli elk\u00e9sz\u00edt\u00e9se is egy hatalmas feladat. \u00dagy \u00e9rzem, musz\u00e1j hunynom m\u00e9g egy kicsit, de az agyam t\u00fal elfoglalt abban, hogy list\u00e1t k\u00e9sz\u00edtsen azokr\u00f3l a dolgokr\u00f3l, amikhez t\u00fal f\u00e1radt vagyok, hogy megcsin\u00e1ljam.<br><\/p>\n\n\n\n<p>A fullad\u00e1s az, amikor az agyam le\u00e1ll, mert t\u00fal sok energi\u00e1ba ker\u00fcl a gondolkod\u00e1s. Az agyamat teljes k\u00f6d lepi el, minden gondolatot kis\u00f6p\u00f6rve, am\u00edg csak annyira tudok gondolni, hogy &#8220;t\u00fal f\u00e1radt vagyok&#8221;. A &#8220;fullad\u00e1s&#8221; sz\u00f3 nem tudja le\u00edrni, ezt a teljes ment\u00e1lis \u00e9s testi kimer\u00fclts\u00e9get.<br><\/p>\n\n\n\n<p>Sok ember sz\u00e1m\u00e1ra nem egyszer\u0171 ezt meg\u00e9rteni, mert gyakran \u00f6sszekeverik a lustas\u00e1ggal, kialvatlans\u00e1ggal, vagy t\u00fal nagy fizikai aktivit\u00e1s ut\u00e1ni f\u00e1rads\u00e1ggal. Ki tudn\u00e1, hogy a f\u00e1rads\u00e1gnak sz\u00e1mos fajt\u00e1ja lehet.<br><\/p>\n\n\n\n<p>Amikor a legt\u00f6bb ember f\u00e1radt, egyszer\u0171en pihen egy kicsit, \u00e9s jobban lesz. Laz\u00edtanak \u00e9s megn\u00e9znek egy filmet Netflixen, hogy felfriss\u00fcljenek. A f\u00e1radts\u00e1g olyasmi, amin az ember \u00e1tesik vagy orvosol egy kis pihen\u00e9ssel.<br><\/p>\n\n\n\n<p>Most k\u00e9pzeld el, hogy fut\u00f3homokba ragadsz. Minn\u00e9l jobban k\u00fczdesz, ann\u00e1l gyorsabban s\u00fcllyedsz. Valami hasonl\u00f3 a fullad\u00e1s &#8211; ha harcolni pr\u00f3b\u00e1lsz ellene, ann\u00e1l rosszabb. M\u00e9g ahogy ezeket a sorokat \u00edrom is, k\u00fczd\u00f6k, hogy kell\u0151 ideig fenn tudjam tartani az agyam f\u00f3kusz\u00e1t, hogy ennek a r\u00f6vid \u00edr\u00e1snak a v\u00e9g\u00e9re \u00e9rjek.<br><\/p>\n\n\n\n<p>Sz\u00e1mos napot t\u00f6lt\u00f6k ilyen ment\u00e1lis fut\u00f3homokba ragadva, pr\u00f3b\u00e1lva kit\u00f6rni saj\u00e1t tunyas\u00e1gomb\u00f3l. Mit gondolnak az emberek, ha csak egy m\u00e1sodpercre is meg\u00e1llok ebben a felgyorsult, eredm\u00e9nyhajh\u00e1sz vil\u00e1gban? Mennyire maradok le, am\u00edg v\u00e1rom hogy a testem \u00fajrat\u00f6lt\u0151dj\u00f6n?<br><\/p>\n\n\n\n<p>Arra k\u00e9rlek sz\u00e9pen, hogy ne mond nekem, hogy pihenjek egy kicsit, vagy ne legyek lusta. A fullad\u00e1s t\u00f6bb, mint egyszer\u0171en csak f\u00e1radtnak lenni. Mindent felem\u00e9szt.<\/p>\n\n\n\n<p>Forr\u00e1s:  <a href=\"https:\/\/cysticfibrosisnewstoday.com\/author\/wendy-caroline\/\" target=\"_blank\" rel=\"noopener\">Wendy Caroline<\/a> :  <a href=\"https:\/\/cysticfibrosisnewstoday.com\/2020\/01\/20\/cystic-fibrosis-identity-invisible-illness\/\" target=\"_blank\" rel=\"noopener\">I Keep Forgetting CF Is Invisible<\/a> (2020. Janu\u00e1r. 20)<br>Ford\u00edtotta: Guly\u00e1s G\u00e1bor<br><\/p>\n\n\n\n<div class=\"wp-block-group\"><div class=\"wp-block-group__inner-container is-layout-flow wp-block-group-is-layout-flow\">\n<figure class=\"wp-block-embed-wordpress wp-block-embed is-type-wp-embed is-provider-cystic-fibrosis-news-today\"><div class=\"wp-block-embed__wrapper\">\n<blockquote class=\"wp-embedded-content\" data-secret=\"SsiXvRp1gv\"><a href=\"https:\/\/cysticfibrosisnewstoday.com\/columns\/fatigue-brain-fog-chronic-illness-myths\/\" target=\"_blank\" rel=\"noopener\">What Being Fatigued Really Feels Like<\/a><\/blockquote><iframe loading=\"lazy\" class=\"wp-embedded-content\" sandbox=\"allow-scripts\" security=\"restricted\" style=\"position: absolute; clip: rect(1px, 1px, 1px, 1px);\" title=\"&#8220;What Being Fatigued Really Feels Like&#8221; &#8212; Cystic Fibrosis News Today\" src=\"https:\/\/cysticfibrosisnewstoday.com\/columns\/fatigue-brain-fog-chronic-illness-myths\/embed\/#?secret=TrztGZ3WSc#?secret=SsiXvRp1gv\" data-secret=\"SsiXvRp1gv\" width=\"500\" height=\"282\" frameborder=\"0\" marginwidth=\"0\" marginheight=\"0\" scrolling=\"no\"><\/iframe>\n<\/div><\/figure>\n<\/div><\/div>\n\n\n\n<ul class=\"wp-block-list\"><li><a href=\"http:\/\/www.cisztasfibrozis.hu\/index.php\/2018\/11\/30\/level-a-cf-es-gyermekek-szuleihez\/\">Lev\u00e9l a cf-es gyermekek sz\u00fcleihez<\/a><\/li><\/ul>\n\n\n\n<p><a href=\"http:\/\/www.cisztasfibrozis.hu\">Vissza a f\u0151oldalra<\/a><\/p>\n","protected":false},"excerpt":{"rendered":"<p>A fullad\u00e1st le\u00edrni nem egyszer\u0171 kih\u00edv\u00e1s. Beletartozik a f\u00e1radts\u00e1g, de ann\u00e1l sokkal t\u00f6bb. A fullad\u00e1s a kr\u00f3nikus betegs\u00e9gem legfenyeget\u0151bb mell\u00e9khat\u00e1sa. B\u00e1rmikor be\u00fcthet, ak\u00e1r egy tonna&#8230;<\/p>\n","protected":false},"author":2,"featured_media":1222,"comment_status":"closed","ping_status":"closed","sticky":false,"template":"","format":"standard","meta":{"footnotes":""},"categories":[59],"tags":[60,33,63,62,64],"class_list":["post-1206","post","type-post","status-publish","format-standard","has-post-thumbnail","hentry","category-blog","tag-blog","tag-cisztas_fibrozis","tag-faradtsag","tag-gondolatok","tag-oxigenhiany","entry","double"],"_links":{"self":[{"href":"https:\/\/www.cisztasfibrozis.hu\/index.php\/wp-json\/wp\/v2\/posts\/1206","targetHints":{"allow":["GET"]}}],"collection":[{"href":"https:\/\/www.cisztasfibrozis.hu\/index.php\/wp-json\/wp\/v2\/posts"}],"about":[{"href":"https:\/\/www.cisztasfibrozis.hu\/index.php\/wp-json\/wp\/v2\/types\/post"}],"author":[{"embeddable":true,"href":"https:\/\/www.cisztasfibrozis.hu\/index.php\/wp-json\/wp\/v2\/users\/2"}],"replies":[{"embeddable":true,"href":"https:\/\/www.cisztasfibrozis.hu\/index.php\/wp-json\/wp\/v2\/comments?post=1206"}],"version-history":[{"count":12,"href":"https:\/\/www.cisztasfibrozis.hu\/index.php\/wp-json\/wp\/v2\/posts\/1206\/revisions"}],"predecessor-version":[{"id":1276,"href":"https:\/\/www.cisztasfibrozis.hu\/index.php\/wp-json\/wp\/v2\/posts\/1206\/revisions\/1276"}],"wp:featuredmedia":[{"embeddable":true,"href":"https:\/\/www.cisztasfibrozis.hu\/index.php\/wp-json\/wp\/v2\/media\/1222"}],"wp:attachment":[{"href":"https:\/\/www.cisztasfibrozis.hu\/index.php\/wp-json\/wp\/v2\/media?parent=1206"}],"wp:term":[{"taxonomy":"category","embeddable":true,"href":"https:\/\/www.cisztasfibrozis.hu\/index.php\/wp-json\/wp\/v2\/categories?post=1206"},{"taxonomy":"post_tag","embeddable":true,"href":"https:\/\/www.cisztasfibrozis.hu\/index.php\/wp-json\/wp\/v2\/tags?post=1206"}],"curies":[{"name":"wp","href":"https:\/\/api.w.org\/{rel}","templated":true}]}}